{"id":1120,"date":"2019-04-27T12:50:11","date_gmt":"2019-04-27T12:50:11","guid":{"rendered":"http:\/\/www.yazilimperver.com\/?p=1120"},"modified":"2019-04-27T12:50:38","modified_gmt":"2019-04-27T12:50:38","slug":"obs-studio","status":"publish","type":"post","link":"https:\/\/www.yazilimperver.com\/index.php\/2019\/04\/27\/obs-studio\/","title":{"rendered":"OBS Studio"},"content":{"rendered":"<p><span style=\"font-weight: 400;\">Merhabalar arkada\u015flar, uzun s\u00fcren sessizli\u011fimizi bir ara\u00e7 tan\u0131t\u0131m yaz\u0131s\u0131 ile bozmak istedim. Bir s\u00fcredir, \u00e7e\u015fitli sebeplerden \u00f6t\u00fcr\u00fc yaz\u0131 s\u0131kl\u0131\u011f\u0131n\u0131n azald\u0131\u011f\u0131n\u0131n fark\u0131nday\u0131m ama halen buraday\u0131m ve yaz\u0131lara devam edece\u011fiz.<\/span><\/p>\n<p><span style=\"font-weight: 400;\">Bu yaz\u0131mda ise farkl\u0131 zamanlarda ihtiya\u00e7 duydu\u011fum, uygulamalar\u0131n video g\u00f6r\u00fcnt\u00fclerini kaydetmek i\u00e7in kulland\u0131\u011f\u0131m a\u00e7\u0131k kaynakl\u0131 ve bedava bir ara\u00e7tan k\u0131saca sizlere bahsedece\u011fim. Arac\u0131m\u0131z\u0131n ismi OBS Studio. OBS\u2019nin a\u00e7\u0131l\u0131m\u0131 ise \u201cOpen Broadcaster Software\u201d. Ara\u00e7 asl\u0131nda video kay\u0131t ve canl\u0131 yay\u0131n sunulmas\u0131 i\u00e7in kullan\u0131lmakta. Arac\u0131n kaynak kodlar\u0131na <\/span><span style=\"color: #008000;\"><strong><a style=\"color: #008000;\" href=\"https:\/\/github.com\/obsproject\/obs-studio\">bu adresten<\/a><\/strong><\/span><span style=\"font-weight: 400;\"> ula\u015fabilirsiniz. \u0130ndirmek i\u00e7in ise <\/span><a href=\"https:\/\/obsproject.com\/download\"><span style=\"font-weight: 400;\"><span style=\"color: #008000;\"><strong>https:\/\/obsproject.com\/download<\/strong><\/span><\/span><\/a><span style=\"font-weight: 400;\"> adresine bakabilirsiniz. Ayr\u0131ca olduk\u00e7a aktif olarak kullan\u0131lan <\/span><span style=\"color: #008000;\"><strong><a style=\"color: #008000;\" href=\"https:\/\/obsproject.com\/forum\/\">bir forum<\/a><\/strong><\/span><span style=\"font-weight: 400;\"> da mevcut.<\/span><\/p>\n<p id=\"ftnljUO\"><img loading=\"lazy\" decoding=\"async\" class=\"wp-image-1121 aligncenter\" src=\"http:\/\/www.yazilimperver.com\/wp-content\/uploads\/2019\/04\/img_5cc43f8280955.png\" alt=\"\" width=\"591\" height=\"456\" srcset=\"https:\/\/www.yazilimperver.com\/wp-content\/uploads\/2019\/04\/img_5cc43f8280955.png 866w, https:\/\/www.yazilimperver.com\/wp-content\/uploads\/2019\/04\/img_5cc43f8280955-300x231.png 300w, https:\/\/www.yazilimperver.com\/wp-content\/uploads\/2019\/04\/img_5cc43f8280955-768x592.png 768w, https:\/\/www.yazilimperver.com\/wp-content\/uploads\/2019\/04\/img_5cc43f8280955-500x386.png 500w, https:\/\/www.yazilimperver.com\/wp-content\/uploads\/2019\/04\/img_5cc43f8280955-150x116.png 150w, https:\/\/www.yazilimperver.com\/wp-content\/uploads\/2019\/04\/img_5cc43f8280955-400x309.png 400w, https:\/\/www.yazilimperver.com\/wp-content\/uploads\/2019\/04\/img_5cc43f8280955-800x617.png 800w, https:\/\/www.yazilimperver.com\/wp-content\/uploads\/2019\/04\/img_5cc43f8280955-200x154.png 200w\" sizes=\"auto, (max-width: 591px) 100vw, 591px\" \/><\/p>\n<p><span style=\"font-weight: 400;\">Arac\u0131n aray\u00fcz olduk\u00e7a sade, kullan\u0131\u015fl\u0131 ve bence kullan\u0131c\u0131 dostu bir \u015fekilde haz\u0131rlanm\u0131\u015f. Uygulama C++, grafiksel kullan\u0131c\u0131 aray\u00fczleri ise QT k\u00fct\u00fcphanesi kullan\u0131larak geli\u015ftirilmi\u015f. Qt C++ d\u00fcnyas\u0131nda olduk\u00e7a yayg\u0131n olarak kullan\u0131lan bir k\u00fct\u00fcphane, grafiksel kullan\u0131c\u0131 aray\u00fczleri yan\u0131nda bir \u00e7ok kabiliyeti de i\u00e7erisinde bar\u0131nd\u0131rmakta. A\u00e7\u0131k\u00e7as\u0131, ben de bir \u00e7ok projede QT k\u00fct\u00fcphanesini kullan\u0131yorum (Bu k\u00fct\u00fcphane ile ilgili de yaz\u0131lar\u0131m olacak, onun i\u00e7in takipte kal\u0131n efenim :)) Uygulamay\u0131 kendi bilgisayar\u0131n\u0131zda olu\u015fturmak i\u00e7in <\/span><strong><span style=\"color: #008000;\"><a style=\"color: #008000;\" href=\"https:\/\/github.com\/obsproject\/obs-studio\/wiki\/Install-Instructions\">https:\/\/github.com\/obsproject\/obs-studio\/wiki\/Install-Instructions<\/a><\/span><\/strong><span style=\"font-weight: 400;\"> sayfas\u0131ndaki detayl\u0131 ad\u0131mlar\u0131 takip edebilirsiniz.<\/span><\/p>\n<p><span style=\"font-weight: 400;\">Evet, araca ili\u015fkin k\u0131sa bir giri\u015ften sonra gelelim nas\u0131l kullanaca\u011f\u0131m\u0131za ve \u00f6nemli g\u00f6rd\u00fc\u011f\u00fcm baz\u0131 t\u00fcyolara. Burada a\u011f\u0131rl\u0131kl\u0131 olarak, video kay\u0131t kabiliyetlerinden bahsedece\u011fim ama di\u011fer kabiliyetler i\u00e7in de sizleri ilgili kaynaklara y\u00f6nlendirece\u011fim. Daha \u00f6nce bir tak\u0131m yaz\u0131lar\u0131mda yapt\u0131\u011f\u0131m gibi, bu araca ili\u015fkin bilgileri de madde madde anlatmak istiyorum. Bu konuda farkl\u0131 fikirleriniz var ise payla\u015fmaktan l\u00fctfen \u00e7ekinmeyin.<\/span><\/p>\n<ul>\n<li style=\"font-weight: 400;\"><span style=\"font-weight: 400;\">OBS studio ile birlikte masa\u00fcst\u00fcn\u00fcz, kameran\u0131z veya mikrofunuz ile elde etti\u011finiz video veya sesi kaydedebilir veya youtube, twitch, periscope veya kendi servisinizden canl\u0131 olarak yay\u0131nlayabilirsiniz.\u00a0<\/span><\/li>\n<li>Uygulamay\u0131 varsay\u0131lan ayarlar ile kurup a\u00e7t\u0131\u011f\u0131n\u0131zda a\u015fa\u011f\u0131daki gibi bir ekran ile kar\u015f\u0131la\u015f\u0131yorsunuz. \u015eimdi bu ekrandaki numaraland\u0131rd\u0131\u011f\u0131m k\u0131s\u0131mlara bir g\u00f6z atal\u0131m.<\/li>\n<\/ul>\n<p id=\"avYoVBD\"><img loading=\"lazy\" decoding=\"async\" class=\"wp-image-1124 aligncenter\" src=\"http:\/\/www.yazilimperver.com\/wp-content\/uploads\/2019\/04\/img_5cc4412e0e212.png\" alt=\"\" width=\"864\" height=\"609\" srcset=\"https:\/\/www.yazilimperver.com\/wp-content\/uploads\/2019\/04\/img_5cc4412e0e212.png 1081w, https:\/\/www.yazilimperver.com\/wp-content\/uploads\/2019\/04\/img_5cc4412e0e212-300x211.png 300w, https:\/\/www.yazilimperver.com\/wp-content\/uploads\/2019\/04\/img_5cc4412e0e212-768x541.png 768w, https:\/\/www.yazilimperver.com\/wp-content\/uploads\/2019\/04\/img_5cc4412e0e212-1024x722.png 1024w, https:\/\/www.yazilimperver.com\/wp-content\/uploads\/2019\/04\/img_5cc4412e0e212-500x352.png 500w, https:\/\/www.yazilimperver.com\/wp-content\/uploads\/2019\/04\/img_5cc4412e0e212-150x106.png 150w, https:\/\/www.yazilimperver.com\/wp-content\/uploads\/2019\/04\/img_5cc4412e0e212-400x282.png 400w, https:\/\/www.yazilimperver.com\/wp-content\/uploads\/2019\/04\/img_5cc4412e0e212-800x564.png 800w, https:\/\/www.yazilimperver.com\/wp-content\/uploads\/2019\/04\/img_5cc4412e0e212-200x141.png 200w\" sizes=\"auto, (max-width: 864px) 100vw, 864px\" \/><\/p>\n<ul>\n<li><strong>Sahneler (1):<\/strong> Kay\u0131t veya yay\u0131nlar\u0131n\u0131z\u0131 i\u00e7in kullanaca\u011f\u0131n\u0131z kaynaklar\u0131 \u00fcst seviye grupland\u0131rmak amac\u0131 ile kullan\u0131l\u0131r. Bir nevi dizin olarak d\u00fc\u015f\u00fcnebilirsiniz. Bunlar aras\u0131nda ge\u00e7i\u015f yapabilirsiniz. \u00d6r. Bir tane sahne masa\u00fcst\u00fc kay\u0131t bir tane kamera i\u00e7in sahne olu\u015fturup, bunlar aras\u0131nda ge\u00e7i\u015fler yapabilirsiniz. Tabi ki, her sahnede birden fazla kaynak da olabilir. Basit video kay\u0131tlar\u0131 i\u00e7in tek bir sahne yeterli.<\/li>\n<li><strong>Kaynaklar (2):<\/strong> Bu elemanlar asl\u0131nda sizin sahnenizdeki i\u00e7erikleri olu\u015fturulan kaynaklar\u0131 ifade ederler. Bir nevi dizinler i\u00e7erisindeki dosyalar olarak da d\u00fc\u015f\u00fcnebilirsiniz. Bunlar resim, video, taray\u0131c\u0131, ekran g\u00f6r\u00fcnt\u00fcs\u00fc ya da kamera olabilir. \u00d6r. Masa\u00fcst\u00fc kayd\u0131 i\u00e7in tek bir sahne i\u00e7erisinde ekran yakalama kayna\u011f\u0131 yeterli olacakt\u0131r (varsay\u0131lan olarak da bu se\u00e7enek sunulur).<\/li>\n<li><strong>Kar\u0131\u015ft\u0131r\u0131c\u0131 (3):<\/strong> Kar\u0131\u015ft\u0131r\u0131c\u0131, mevcut ses girdilerini (masa\u00fcst\u00fc sesleri ve mikrofon) g\u00f6sterir ve bunlara ili\u015fkin h\u0131zl\u0131 ayarlamalara olanak sa\u011flar. Masa\u00fcst\u00fc kayd\u0131 s\u0131ras\u0131nda sesleri kaydetmek istemiyorsan\u0131z, burada k\u0131sabilirsiniz.<\/li>\n<li><strong>Sahne Ge\u00e7i\u015fleri (4):<\/strong> Bu k\u0131s\u0131m, isminden de anla\u015f\u0131laca\u011f\u0131 \u00fczere sahne ge\u00e7i\u015flerine ili\u015fkin ayarlamalar yapman\u0131za olanak sa\u011flar. Basit ekran kay\u0131tlar\u0131 i\u00e7in ihtiya\u00e7 olmasa da, biraz renk katmak i\u00e7in kullanabilirsiniz \ud83d\ude42<\/li>\n<li><strong>Kontroller (5):<\/strong> Araca ili\u015fkin temel kontroller, burada sunulmakta. \u00d6r. Kayd\u0131 veya yay\u0131n\u0131 ba\u015flat\/bitir veya ayarlar\u0131 a\u00e7. Burada belki h\u0131zl\u0131ca bahsetmem gereken bir se\u00e7enek: St\u00fcdyo Modu olacakt\u0131r. Bu mod sayesinde, mevcut kay\u0131t veya yay\u0131n devam ederken sahnenize veya di\u011fer sahnelere ili\u015fkin ayarlamalar yapabilirsiniz.<\/li>\n<li><strong>\u00d6nizleme (6):<\/strong> Mevcut kayna\u011f\u0131n g\u00f6sterildi\u011fi \u00f6n izleme ekran\u0131d\u0131r. Bu ekran \u00fczerinde sunulan kontroller ile kaynaklar\u0131 hareket ettirip, yeniden boyutland\u0131rabilir ve sahne yerle\u015fiminizi ger\u00e7ekle\u015ftirebilirsiniz.<\/li>\n<li><strong>Dosya Men\u00fcs\u00fc (7):<\/strong> Uygulamaya ili\u015fkin ayarlama ve yeteneklerin bir \u00e7o\u011funa ula\u015fabilece\u011finiz men\u00fcler.<\/li>\n<li>\u015eimdi gelelim \u00f6nemli ayarlara. Ayarlara ula\u015fmak i\u00e7in\u00a0&#8220;Ana Ekran-&gt;Kontroller-&gt;Ayarlar (5)&#8221; ya da &#8220;Dosya-&gt;Ayarlar (7)&#8221; se\u00e7eneklerini takip edebilirsiniz. Bu yolu takip etti\u011finizde, a\u015fa\u011f\u0131daki gibi bir pencere ile kar\u015f\u0131la\u015facaks\u0131n\u0131z:<\/li>\n<\/ul>\n<p>&nbsp;<\/p>\n<p id=\"ZKtRynk\"><img loading=\"lazy\" decoding=\"async\" class=\"wp-image-1128 aligncenter\" src=\"http:\/\/www.yazilimperver.com\/wp-content\/uploads\/2019\/04\/img_5cc4461f45e76.png\" alt=\"\" width=\"673\" height=\"543\" srcset=\"https:\/\/www.yazilimperver.com\/wp-content\/uploads\/2019\/04\/img_5cc4461f45e76.png 905w, https:\/\/www.yazilimperver.com\/wp-content\/uploads\/2019\/04\/img_5cc4461f45e76-300x242.png 300w, https:\/\/www.yazilimperver.com\/wp-content\/uploads\/2019\/04\/img_5cc4461f45e76-768x620.png 768w, https:\/\/www.yazilimperver.com\/wp-content\/uploads\/2019\/04\/img_5cc4461f45e76-500x404.png 500w, https:\/\/www.yazilimperver.com\/wp-content\/uploads\/2019\/04\/img_5cc4461f45e76-150x121.png 150w, https:\/\/www.yazilimperver.com\/wp-content\/uploads\/2019\/04\/img_5cc4461f45e76-400x323.png 400w, https:\/\/www.yazilimperver.com\/wp-content\/uploads\/2019\/04\/img_5cc4461f45e76-800x646.png 800w, https:\/\/www.yazilimperver.com\/wp-content\/uploads\/2019\/04\/img_5cc4461f45e76-200x162.png 200w\" sizes=\"auto, (max-width: 673px) 100vw, 673px\" \/><\/p>\n<ul>\n<li><strong>Genel Ayarlar:<\/strong> uygulamaya ili\u015fkin ayarlar\u0131 halledebilirsiniz,<\/li>\n<li><strong>Yay\u0131n Ayarlar:<\/strong> yay\u0131n t\u00fcr\u00fc, hedef yay\u0131n servisi vs ayarlar\u0131 yapabilirsiniz,<\/li>\n<\/ul>\n<p id=\"bNxgSlI\"><img loading=\"lazy\" decoding=\"async\" class=\"wp-image-1129 aligncenter\" src=\"http:\/\/www.yazilimperver.com\/wp-content\/uploads\/2019\/04\/img_5cc446b593b25.png\" alt=\"\" width=\"562\" height=\"454\" srcset=\"https:\/\/www.yazilimperver.com\/wp-content\/uploads\/2019\/04\/img_5cc446b593b25.png 905w, https:\/\/www.yazilimperver.com\/wp-content\/uploads\/2019\/04\/img_5cc446b593b25-300x242.png 300w, https:\/\/www.yazilimperver.com\/wp-content\/uploads\/2019\/04\/img_5cc446b593b25-768x620.png 768w, https:\/\/www.yazilimperver.com\/wp-content\/uploads\/2019\/04\/img_5cc446b593b25-500x404.png 500w, https:\/\/www.yazilimperver.com\/wp-content\/uploads\/2019\/04\/img_5cc446b593b25-150x121.png 150w, https:\/\/www.yazilimperver.com\/wp-content\/uploads\/2019\/04\/img_5cc446b593b25-400x323.png 400w, https:\/\/www.yazilimperver.com\/wp-content\/uploads\/2019\/04\/img_5cc446b593b25-800x646.png 800w, https:\/\/www.yazilimperver.com\/wp-content\/uploads\/2019\/04\/img_5cc446b593b25-200x162.png 200w\" sizes=\"auto, (max-width: 562px) 100vw, 562px\" \/><\/p>\n<ul>\n<li><strong>\u00c7\u0131k\u0131\u015f Ayarlar\u0131<\/strong>: Bizim i\u00e7in (ekran g\u00f6r\u00fcnt\u00fcs\u00fc yakalama i\u00e7in) \u00f6nemli ayarlar burada. Bu ayarlar\u0131n bir k\u0131sm\u0131 \u015fu \u015fekilde:\n<ul>\n<li><strong>Kay\u0131t yeri:<\/strong> Videolar\u0131m\u0131z kaydedece\u011fimiz dizin,<\/li>\n<li><strong>Kay\u0131t kalitesi<\/strong>: Kaydedece\u011finiz videolar\u0131n kay\u0131t kalitesi. Normal kay\u0131t i\u00e7in &#8220;Ayn\u0131 kaliteye yak\u0131n&#8221; se\u00e7ene\u011fi, bence yeterli. Se\u00e7iminizden en \u00e7ok dosya boyutu etkilenecek, ona g\u00f6re \ud83d\ude42<\/li>\n<li><strong>Kay\u0131t format\u0131:<\/strong> \u00d6zellikle .flv ve .mkv uzant\u0131lar\u0131 genel olarak tavsiye ediliyor. \u00c7\u00fcnk\u00fc kay\u0131t s\u0131ras\u0131nda bir s\u0131k\u0131nt\u0131 olsa bile, o zamana kadarki kay\u0131tlar\u0131 kullanabilirsiniz. MP4 durumunda, kayd\u0131n\u0131z\u0131n hepsini kaybedebilirsiniz. Bu arada kay\u0131t sonras\u0131nda OBS Studio yaz\u0131l\u0131m\u0131 ile .flv ve .mkv videolar\u0131n\u0131z\u0131, MP4&#8217;e d\u00f6n\u00fc\u015ft\u00fcrebilirsiniz.<\/li>\n<li>Ayr\u0131ca \u00c7\u0131k\u0131\u015f modunu Geli\u015fmi\u015f olarak ayarlad\u0131\u011f\u0131n\u0131z durumda, fazladan bir tak\u0131m ayarlamalar\u0131 yapman\u0131za olanak sa\u011flayacak aray\u00fczleri g\u00f6rebilirsiniz ki bunlara basit kay\u0131tlarda \u00e7ok ihtiya\u00e7 duymayacaks\u0131n\u0131z.<\/li>\n<\/ul>\n<\/li>\n<\/ul>\n<p id=\"tTicYXG\"><img loading=\"lazy\" decoding=\"async\" width=\"702\" height=\"544\" class=\"size-full wp-image-1131 aligncenter\" src=\"http:\/\/www.yazilimperver.com\/wp-content\/uploads\/2019\/04\/img_5cc44872bafe5.png\" alt=\"\" srcset=\"https:\/\/www.yazilimperver.com\/wp-content\/uploads\/2019\/04\/img_5cc44872bafe5.png 702w, https:\/\/www.yazilimperver.com\/wp-content\/uploads\/2019\/04\/img_5cc44872bafe5-300x232.png 300w, https:\/\/www.yazilimperver.com\/wp-content\/uploads\/2019\/04\/img_5cc44872bafe5-500x387.png 500w, https:\/\/www.yazilimperver.com\/wp-content\/uploads\/2019\/04\/img_5cc44872bafe5-150x116.png 150w, https:\/\/www.yazilimperver.com\/wp-content\/uploads\/2019\/04\/img_5cc44872bafe5-400x310.png 400w, https:\/\/www.yazilimperver.com\/wp-content\/uploads\/2019\/04\/img_5cc44872bafe5-200x155.png 200w\" sizes=\"auto, (max-width: 702px) 100vw, 702px\" \/><\/p>\n<ul>\n<li><strong>Ses Ayarlar\u0131:<\/strong> Sesler ile ilgili ayalar bu k\u0131s\u0131mdan yapabilirsiniz. Genel olarak bu ayarlara da dokunmayabilirsiniz.<\/li>\n<li><strong>Video Ayarlar\u0131:<\/strong>\u00a0 Burada \u00e7\u00f6z\u00fcn\u00fcrl\u00fck, FPS ve filtreleme ayarlar\u0131n\u0131 yapabilirsiniz.. Genel olarak bu ayarlara da dokunmayabilirsiniz.<\/li>\n<li><strong>K\u0131sayol Ayarlar\u0131:<\/strong> Evet bence bir di\u011fer \u00f6nemli ayarlar bunlar. Bu ekran sayesinde \u00f6nemli baz\u0131 i\u015flere k\u0131sayol atayabilirsiniz. \u0130lk olarak Kay\u0131t Ba\u015flat\/Durdur i\u015flevlerine hemen k\u0131sa yollar\u0131 atay\u0131n. Benzer \u015fekilde bir \u00e7ok i\u015flev g\u00f6rebilirsiniz.<\/li>\n<li><strong>Geli\u015fmi\u015f Ayarlar:<\/strong> Burada ek bir tak\u0131m ayarlar mevcut ki, dosya ad\u0131 bi\u00e7imi d\u0131\u015f\u0131nda, \u00e7ok bir i\u015finiz olaca\u011f\u0131n\u0131 d\u00fc\u015f\u00fcnm\u00fcyorum.<\/li>\n<\/ul>\n<p>Ayarlara da bakt\u0131ktan sonra \u015fimdi de bence en \u00f6nemli k\u0131s\u0131mlardan biri olan kaynaklara bakal\u0131m. A\u015fa\u011f\u0131da, uygulama i\u00e7erisinden sunulan kaynaklar\u0131 g\u00f6rebilirsiniz. Bunlara Kaynaklar (2) k\u0131sm\u0131ndaki Art\u0131 d\u00fc\u011fmesine basarak ula\u015fabilirsiniz.<\/p>\n<p id=\"NXHHTgs\"><img loading=\"lazy\" decoding=\"async\" class=\"wp-image-1133 aligncenter\" src=\"http:\/\/www.yazilimperver.com\/wp-content\/uploads\/2019\/04\/img_5cc44aef9ea25.png\" alt=\"\" width=\"693\" height=\"334\" srcset=\"https:\/\/www.yazilimperver.com\/wp-content\/uploads\/2019\/04\/img_5cc44aef9ea25.png 847w, https:\/\/www.yazilimperver.com\/wp-content\/uploads\/2019\/04\/img_5cc44aef9ea25-300x145.png 300w, https:\/\/www.yazilimperver.com\/wp-content\/uploads\/2019\/04\/img_5cc44aef9ea25-768x370.png 768w, https:\/\/www.yazilimperver.com\/wp-content\/uploads\/2019\/04\/img_5cc44aef9ea25-500x241.png 500w, https:\/\/www.yazilimperver.com\/wp-content\/uploads\/2019\/04\/img_5cc44aef9ea25-150x72.png 150w, https:\/\/www.yazilimperver.com\/wp-content\/uploads\/2019\/04\/img_5cc44aef9ea25-400x193.png 400w, https:\/\/www.yazilimperver.com\/wp-content\/uploads\/2019\/04\/img_5cc44aef9ea25-800x385.png 800w, https:\/\/www.yazilimperver.com\/wp-content\/uploads\/2019\/04\/img_5cc44aef9ea25-200x96.png 200w\" sizes=\"auto, (max-width: 693px) 100vw, 693px\" \/><\/p>\n<p>\u0130lgili kaynaklar\u0131n ne oldu\u011fu a\u00e7\u0131k\u00e7as\u0131 isimlerinden az \u00e7ok anla\u015f\u0131l\u0131yor ama biz \u00f6nemli olanlar\u0131 k\u0131saca \u00f6zetleyelim. Bu arada her bir kayna\u011fa ili\u015fkin ayarlama ayr\u0131ca ilgili kayna\u011f\u0131 se\u00e7ince \u00e7\u0131k\u0131yor:<\/p>\n<ul>\n<li>BrowserSource: Taray\u0131c\u0131 g\u00f6r\u00fcnt\u00fcs\u00fc yakalamak i\u00e7in kullan\u0131labilir,<\/li>\n<li>Ekran Yakalama: Komple t\u00fcm ekran\u0131n\u0131z\u0131 yay\u0131nlamak veya yakalamak i\u00e7in kullan\u0131l\u0131r. Bu arada, ekran\u0131n\u0131z e\u011fer 1 tane ile s\u0131n\u0131rl\u0131 de\u011filse 1-2-3 diye ge\u00e7i\u015f yapabiliyorsunuz ve sadece se\u00e7ti\u011finiz ekran\u0131n tamam\u0131 g\u00f6z\u00fck\u00fcyor. \u0130mleci yakalama\/yaklamama da buradan belirleniyor,<\/li>\n<li>Pencere Yakalama: Uygulama kay\u0131tlar\u0131 i\u00e7in en iyi se\u00e7enek olan pencere yakalama ile sadece ilgili pencereyi yakalayabiliyorsunuz. Bu kayna\u011f\u0131 ekledi\u011finizde, a\u015fa\u011f\u0131daki gibi bir pencere ile o an \u00e7al\u0131\u015fan uygulamalar aras\u0131ndan birisini se\u00e7erek, kay\u0131t\/yay\u0131n i\u00e7in kullanabilirsiniz,<\/li>\n<\/ul>\n<p id=\"YcvycYB\"><img loading=\"lazy\" decoding=\"async\" class=\"wp-image-1135 aligncenter\" src=\"http:\/\/www.yazilimperver.com\/wp-content\/uploads\/2019\/04\/img_5cc44c9bc56a7.png\" alt=\"\" width=\"494\" height=\"328\" srcset=\"https:\/\/www.yazilimperver.com\/wp-content\/uploads\/2019\/04\/img_5cc44c9bc56a7.png 581w, https:\/\/www.yazilimperver.com\/wp-content\/uploads\/2019\/04\/img_5cc44c9bc56a7-300x199.png 300w, https:\/\/www.yazilimperver.com\/wp-content\/uploads\/2019\/04\/img_5cc44c9bc56a7-500x332.png 500w, https:\/\/www.yazilimperver.com\/wp-content\/uploads\/2019\/04\/img_5cc44c9bc56a7-150x100.png 150w, https:\/\/www.yazilimperver.com\/wp-content\/uploads\/2019\/04\/img_5cc44c9bc56a7-400x266.png 400w, https:\/\/www.yazilimperver.com\/wp-content\/uploads\/2019\/04\/img_5cc44c9bc56a7-200x133.png 200w\" sizes=\"auto, (max-width: 494px) 100vw, 494px\" \/><\/p>\n<ul>\n<li>Oyun Yakalama:\u00a0Tam ekran modunda oynad\u0131\u011f\u0131n\u0131z oyunlar\u0131 veya \u00e7al\u0131\u015fan uygulamalar\u0131 kaydetmenize\/yay\u0131nlaman\u0131za imkan sunan bu \u00f6zellik sayesinde, sadece oyun\/uygulaman\u0131z\u0131n ekran\u0131 g\u00f6z\u00fck\u00fcr ve oyun\/uygulama esnas\u0131nda Alt+Tab yap\u0131p, ba\u015fka bir uygulamaya ge\u00e7i\u015f yapt\u0131\u011f\u0131n\u0131zda, izleyici veya kay\u0131tta ekran\u0131n\u0131z siyah olarak veya oyunu donmu\u015f &#8220;Pause&#8221; edilmi\u015f vaziyette g\u00f6r\u00fcn\u00fcr. Yine bir \u00f6nceki se\u00e7ene\u011fe benzer \u015fekilde, \u00e7al\u0131\u015fan uygulamalar\u0131 listede g\u00f6rebilirsiniz.<\/li>\n<\/ul>\n<p>Sahnemizi olu\u015fturduk, yukar\u0131daki kaynaklardan birisini de ekledik. Eee, kay\u0131t i\u00e7in yapaca\u011f\u0131z? \u00c7ok basit ya atad\u0131\u011f\u0131n\u0131z kay\u0131t ba\u015flatma k\u0131sa yoluna basacaks\u0131n\u0131z, ya da Kontroller (5) k\u0131sm\u0131ndan <strong>Kayd\u0131 Ba\u015flat\u0131<\/strong> se\u00e7eceksiniz. Bu kadar \ud83d\ude42<\/p>\n<p>Diyelim, Chrome da gezerken bir video g\u00f6rd\u00fcn\u00fcz ve kaydetmek istiyorsunuz, kaynak olarak eklediniz ama \u00f6n izleme ekran\u0131nda sadece siyah bir ekran g\u00f6r\u00fcn\u00fcyor. Ne yapaca\u011f\u0131z? Buradaki s\u0131k\u0131nt\u0131 Chrome i\u00e7erisindeki g\u00f6rselle\u015ftirme ayarlar\u0131 ile ilgili. Bunu \u00e7\u00f6zmek i\u00e7in, Ayarlar\u0131 a\u00e7\u0131n, buradan Geli\u015fmi\u015f Ayarlar\u0131 a\u00e7\u0131n ve tamamen a\u015fa\u011f\u0131 kayd\u0131r\u0131n. Burada &#8220;Donan\u0131m H\u0131zland\u0131rma&#8221; se\u00e7ene\u011fini devre d\u0131\u015f\u0131 b\u0131rak\u0131n ve taray\u0131c\u0131n\u0131z\u0131 yeniden ba\u015flat\u0131n. Bundan sonra art\u0131k siyah bir ekran g\u00f6rm\u00fcyor olacaks\u0131n\u0131z. Bunun ile ilgili de kaynaklar alt\u0131na bir video koydum, oradan ilgili ad\u0131mlar\u0131 da izleyebilirsiniz.<\/p>\n<p>Evet, sevgili yaz\u0131l\u0131mperver dostlar\u0131m, bir yaz\u0131m\u0131z\u0131n daha sonuna geldik. Umar\u0131m, bu arac\u0131 kullanman\u0131za yard\u0131mc\u0131 olabilmi\u015fimdir. Herhangi bir konu i\u00e7in yorumlar veya geri bildirim sayfam\u0131 kullanabilirsiniz. Bir sonraki yaz\u0131mda g\u00f6r\u00fc\u015fmek \u00fczere, kendinize iyi bak\u0131n.<\/p>\n<h2><span style=\"color: #0000ff;\"><strong>Kaynaklar:<\/strong><\/span><\/h2>\n<ul>\n<li><strong><span style=\"color: #008000;\"><a style=\"color: #008000;\" href=\"https:\/\/obsproject.com\/\">https:\/\/obsproject.com\/<\/a><\/span><\/strong><\/li>\n<li><strong><span style=\"color: #008000;\"><a style=\"color: #008000;\" href=\"https:\/\/www.youtube.com\/watch?v=4yaQfjam0xo\">https:\/\/www.youtube.com\/watch?v=4yaQfjam0xo<\/a><\/span><\/strong><\/li>\n<li><strong><span style=\"color: #008000;\"><a style=\"color: #008000;\" href=\"https:\/\/www.youtube.com\/watch?v=DTk99mHDX_I\">https:\/\/www.youtube.com\/watch?v=DTk99mHDX_I<\/a><\/span><\/strong><\/li>\n<li><strong><span style=\"color: #008000;\"><a style=\"color: #008000;\" href=\"https:\/\/www.olohuonetuotanto.com\/how-to-record-computer-screen-and-audio-obs-studio\/\">https:\/\/www.olohuonetuotanto.com\/how-to-record-computer-screen-and-audio-obs-studio\/<\/a><\/span><\/strong><\/li>\n<li><strong><span style=\"color: #008000;\"><a style=\"color: #008000;\" href=\"https:\/\/obsproject.com\/forum\/resources\/obs-studio-quickstart-guide.422\/\">https:\/\/obsproject.com\/forum\/resources\/obs-studio-quickstart-guide.422\/<\/a><\/span><\/strong><\/li>\n<li><strong><span style=\"color: #008000;\"><a style=\"color: #008000;\" href=\"https:\/\/github.com\/obsproject\/obs-studio\/wiki\/Install-Instructions\">https:\/\/github.com\/obsproject\/obs-studio\/wiki\/Install-Instructions<\/a><\/span><\/strong><\/li>\n<\/ul>\n<p>&nbsp;<\/p>","protected":false},"excerpt":{"rendered":"<p>Merhabalar arkada\u015flar, uzun s\u00fcren sessizli\u011fimizi bir ara\u00e7 tan\u0131t\u0131m yaz\u0131s\u0131 ile bozmak istedim. Bir s\u00fcredir, \u00e7e\u015fitli sebeplerden \u00f6t\u00fcr\u00fc yaz\u0131 s\u0131kl\u0131\u011f\u0131n\u0131n azald\u0131\u011f\u0131n\u0131n fark\u0131nday\u0131m ama halen buraday\u0131m ve yaz\u0131lara devam edece\u011fiz. Bu yaz\u0131mda ise farkl\u0131 zamanlarda ihtiya\u00e7 duydu\u011fum, uygulamalar\u0131n video g\u00f6r\u00fcnt\u00fclerini kaydetmek i\u00e7in kulland\u0131\u011f\u0131m a\u00e7\u0131k kaynakl\u0131 ve bedava bir ara\u00e7tan k\u0131saca sizlere bahsedece\u011fim. Arac\u0131m\u0131z\u0131n ismi OBS Studio. OBS\u2019nin&#8230; <a class=\"more-link\" href=\"https:\/\/www.yazilimperver.com\/index.php\/2019\/04\/27\/obs-studio\/\">Continue reading <span class=\"meta-nav\">&#8594;<\/span><\/a><\/p>\n","protected":false},"author":2,"featured_media":1137,"comment_status":"open","ping_status":"open","sticky":false,"template":"","format":"standard","meta":{"_monsterinsights_skip_tracking":false,"_monsterinsights_sitenote_active":false,"_monsterinsights_sitenote_note":"","_monsterinsights_sitenote_category":0,"footnotes":""},"categories":[27],"tags":[416,412,413,300,415,30,414],"class_list":["post-1120","post","type-post","status-publish","format-standard","has-post-thumbnail","hentry","category-arac","tag-broadcast","tag-obs-studio","tag-open-broadcaster-software","tag-open-source","tag-screen-capture","tag-tool","tag-video-recording"],"yoast_head":"<!-- This site is optimized with the Yoast SEO plugin v21.0 - https:\/\/yoast.com\/wordpress\/plugins\/seo\/ -->\n<title>OBS Studio - Yaz\u0131l\u0131mperver&#039;in D\u00fcnyas\u0131<\/title>\n<meta name=\"robots\" content=\"index, follow, max-snippet:-1, max-image-preview:large, max-video-preview:-1\" \/>\n<link rel=\"canonical\" href=\"https:\/\/www.yazilimperver.com\/index.php\/2019\/04\/27\/obs-studio\/\" \/>\n<meta property=\"og:locale\" content=\"tr_TR\" \/>\n<meta property=\"og:type\" content=\"article\" \/>\n<meta property=\"og:title\" content=\"[:tr]OBS Studio[:] - Yaz\u0131l\u0131mperver&#039;in D\u00fcnyas\u0131\" \/>\n<meta property=\"og:description\" content=\"Merhabalar arkada\u015flar, uzun s\u00fcren sessizli\u011fimizi bir ara\u00e7 tan\u0131t\u0131m yaz\u0131s\u0131 ile bozmak istedim. Bir s\u00fcredir, \u00e7e\u015fitli sebeplerden \u00f6t\u00fcr\u00fc yaz\u0131 s\u0131kl\u0131\u011f\u0131n\u0131n azald\u0131\u011f\u0131n\u0131n fark\u0131nday\u0131m ama halen buraday\u0131m ve yaz\u0131lara devam edece\u011fiz. Bu yaz\u0131mda ise farkl\u0131 zamanlarda ihtiya\u00e7 duydu\u011fum, uygulamalar\u0131n video g\u00f6r\u00fcnt\u00fclerini kaydetmek i\u00e7in kulland\u0131\u011f\u0131m a\u00e7\u0131k kaynakl\u0131 ve bedava bir ara\u00e7tan k\u0131saca sizlere bahsedece\u011fim. Arac\u0131m\u0131z\u0131n ismi OBS Studio. OBS\u2019nin... Continue reading &#8594;\" \/>\n<meta property=\"og:url\" content=\"https:\/\/www.yazilimperver.com\/index.php\/2019\/04\/27\/obs-studio\/\" \/>\n<meta property=\"og:site_name\" content=\"Yaz\u0131l\u0131mperver&#039;in D\u00fcnyas\u0131\" \/>\n<meta property=\"article:published_time\" content=\"2019-04-27T12:50:11+00:00\" \/>\n<meta property=\"article:modified_time\" content=\"2019-04-27T12:50:38+00:00\" \/>\n<meta property=\"og:image\" content=\"https:\/\/www.yazilimperver.com\/wp-content\/uploads\/2019\/04\/new_icon_small-e1556369396492.png\" \/>\n\t<meta property=\"og:image:width\" content=\"64\" \/>\n\t<meta property=\"og:image:height\" content=\"64\" \/>\n\t<meta property=\"og:image:type\" content=\"image\/png\" \/>\n<meta name=\"author\" content=\"yaz\u0131l\u0131mperver\" \/>\n<meta name=\"twitter:card\" content=\"summary_large_image\" \/>\n<meta name=\"twitter:label1\" content=\"Yazan:\" \/>\n\t<meta name=\"twitter:data1\" content=\"yaz\u0131l\u0131mperver\" \/>\n\t<meta name=\"twitter:label2\" content=\"Tahmini okuma s\u00fcresi\" \/>\n\t<meta name=\"twitter:data2\" content=\"8 dakika\" \/>\n<script type=\"application\/ld+json\" class=\"yoast-schema-graph\">{\"@context\":\"https:\/\/schema.org\",\"@graph\":[{\"@type\":\"Article\",\"@id\":\"https:\/\/www.yazilimperver.com\/index.php\/2019\/04\/27\/obs-studio\/#article\",\"isPartOf\":{\"@id\":\"https:\/\/www.yazilimperver.com\/index.php\/2019\/04\/27\/obs-studio\/\"},\"author\":{\"name\":\"yaz\u0131l\u0131mperver\",\"@id\":\"https:\/\/www.yazilimperver.com\/#\/schema\/person\/6497f6de4df6ba469748b861a2b3fcdb\"},\"headline\":\"OBS Studio\",\"datePublished\":\"2019-04-27T12:50:11+00:00\",\"dateModified\":\"2019-04-27T12:50:38+00:00\",\"mainEntityOfPage\":{\"@id\":\"https:\/\/www.yazilimperver.com\/index.php\/2019\/04\/27\/obs-studio\/\"},\"wordCount\":1595,\"commentCount\":0,\"publisher\":{\"@id\":\"https:\/\/www.yazilimperver.com\/#\/schema\/person\/6497f6de4df6ba469748b861a2b3fcdb\"},\"keywords\":[\"broadcast\",\"OBS Studio\",\"Open Broadcaster Software\",\"open source\",\"screen capture\",\"Tool\",\"Video Recording\"],\"articleSection\":[\"Ara\u00e7\"],\"inLanguage\":\"tr\",\"potentialAction\":[{\"@type\":\"CommentAction\",\"name\":\"Comment\",\"target\":[\"https:\/\/www.yazilimperver.com\/index.php\/2019\/04\/27\/obs-studio\/#respond\"]}]},{\"@type\":\"WebPage\",\"@id\":\"https:\/\/www.yazilimperver.com\/index.php\/2019\/04\/27\/obs-studio\/\",\"url\":\"https:\/\/www.yazilimperver.com\/index.php\/2019\/04\/27\/obs-studio\/\",\"name\":\"[:tr]OBS Studio[:] - Yaz\u0131l\u0131mperver&#039;in D\u00fcnyas\u0131\",\"isPartOf\":{\"@id\":\"https:\/\/www.yazilimperver.com\/#website\"},\"datePublished\":\"2019-04-27T12:50:11+00:00\",\"dateModified\":\"2019-04-27T12:50:38+00:00\",\"breadcrumb\":{\"@id\":\"https:\/\/www.yazilimperver.com\/index.php\/2019\/04\/27\/obs-studio\/#breadcrumb\"},\"inLanguage\":\"tr\",\"potentialAction\":[{\"@type\":\"ReadAction\",\"target\":[\"https:\/\/www.yazilimperver.com\/index.php\/2019\/04\/27\/obs-studio\/\"]}]},{\"@type\":\"BreadcrumbList\",\"@id\":\"https:\/\/www.yazilimperver.com\/index.php\/2019\/04\/27\/obs-studio\/#breadcrumb\",\"itemListElement\":[{\"@type\":\"ListItem\",\"position\":1,\"name\":\"Ana sayfa\",\"item\":\"https:\/\/www.yazilimperver.com\/\"},{\"@type\":\"ListItem\",\"position\":2,\"name\":\"OBS Studio\"}]},{\"@type\":\"WebSite\",\"@id\":\"https:\/\/www.yazilimperver.com\/#website\",\"url\":\"https:\/\/www.yazilimperver.com\/\",\"name\":\"Yaz\u0131l\u0131mperver&#039;in D\u00fcnyas\u0131\",\"description\":\"Payla\u015fmak g\u00fczeldir.\",\"publisher\":{\"@id\":\"https:\/\/www.yazilimperver.com\/#\/schema\/person\/6497f6de4df6ba469748b861a2b3fcdb\"},\"potentialAction\":[{\"@type\":\"SearchAction\",\"target\":{\"@type\":\"EntryPoint\",\"urlTemplate\":\"https:\/\/www.yazilimperver.com\/?s={search_term_string}\"},\"query-input\":\"required name=search_term_string\"}],\"inLanguage\":\"tr\"},{\"@type\":[\"Person\",\"Organization\"],\"@id\":\"https:\/\/www.yazilimperver.com\/#\/schema\/person\/6497f6de4df6ba469748b861a2b3fcdb\",\"name\":\"yaz\u0131l\u0131mperver\",\"image\":{\"@type\":\"ImageObject\",\"inLanguage\":\"tr\",\"@id\":\"https:\/\/www.yazilimperver.com\/#\/schema\/person\/image\/\",\"url\":\"https:\/\/www.yazilimperver.com\/wp-content\/uploads\/2018\/04\/OnlyIcon-1-114x114.png\",\"contentUrl\":\"https:\/\/www.yazilimperver.com\/wp-content\/uploads\/2018\/04\/OnlyIcon-1-114x114.png\",\"caption\":\"yaz\u0131l\u0131mperver\"},\"logo\":{\"@id\":\"https:\/\/www.yazilimperver.com\/#\/schema\/person\/image\/\"}}]}<\/script>\n<!-- \/ Yoast SEO plugin. -->","yoast_head_json":{"title":"[:tr]OBS Studio[:] - Yaz\u0131l\u0131mperver&#039;in D\u00fcnyas\u0131","robots":{"index":"index","follow":"follow","max-snippet":"max-snippet:-1","max-image-preview":"max-image-preview:large","max-video-preview":"max-video-preview:-1"},"canonical":"https:\/\/www.yazilimperver.com\/index.php\/2019\/04\/27\/obs-studio\/","og_locale":"tr_TR","og_type":"article","og_title":"[:tr]OBS Studio[:] - Yaz\u0131l\u0131mperver&#039;in D\u00fcnyas\u0131","og_description":"Merhabalar arkada\u015flar, uzun s\u00fcren sessizli\u011fimizi bir ara\u00e7 tan\u0131t\u0131m yaz\u0131s\u0131 ile bozmak istedim. Bir s\u00fcredir, \u00e7e\u015fitli sebeplerden \u00f6t\u00fcr\u00fc yaz\u0131 s\u0131kl\u0131\u011f\u0131n\u0131n azald\u0131\u011f\u0131n\u0131n fark\u0131nday\u0131m ama halen buraday\u0131m ve yaz\u0131lara devam edece\u011fiz. Bu yaz\u0131mda ise farkl\u0131 zamanlarda ihtiya\u00e7 duydu\u011fum, uygulamalar\u0131n video g\u00f6r\u00fcnt\u00fclerini kaydetmek i\u00e7in kulland\u0131\u011f\u0131m a\u00e7\u0131k kaynakl\u0131 ve bedava bir ara\u00e7tan k\u0131saca sizlere bahsedece\u011fim. Arac\u0131m\u0131z\u0131n ismi OBS Studio. OBS\u2019nin... Continue reading &#8594;","og_url":"https:\/\/www.yazilimperver.com\/index.php\/2019\/04\/27\/obs-studio\/","og_site_name":"Yaz\u0131l\u0131mperver&#039;in D\u00fcnyas\u0131","article_published_time":"2019-04-27T12:50:11+00:00","article_modified_time":"2019-04-27T12:50:38+00:00","og_image":[{"width":64,"height":64,"url":"https:\/\/www.yazilimperver.com\/wp-content\/uploads\/2019\/04\/new_icon_small-e1556369396492.png","type":"image\/png"}],"author":"yaz\u0131l\u0131mperver","twitter_card":"summary_large_image","twitter_misc":{"Yazan:":"yaz\u0131l\u0131mperver","Tahmini okuma s\u00fcresi":"8 dakika"},"schema":{"@context":"https:\/\/schema.org","@graph":[{"@type":"Article","@id":"https:\/\/www.yazilimperver.com\/index.php\/2019\/04\/27\/obs-studio\/#article","isPartOf":{"@id":"https:\/\/www.yazilimperver.com\/index.php\/2019\/04\/27\/obs-studio\/"},"author":{"name":"yaz\u0131l\u0131mperver","@id":"https:\/\/www.yazilimperver.com\/#\/schema\/person\/6497f6de4df6ba469748b861a2b3fcdb"},"headline":"OBS Studio","datePublished":"2019-04-27T12:50:11+00:00","dateModified":"2019-04-27T12:50:38+00:00","mainEntityOfPage":{"@id":"https:\/\/www.yazilimperver.com\/index.php\/2019\/04\/27\/obs-studio\/"},"wordCount":1595,"commentCount":0,"publisher":{"@id":"https:\/\/www.yazilimperver.com\/#\/schema\/person\/6497f6de4df6ba469748b861a2b3fcdb"},"keywords":["broadcast","OBS Studio","Open Broadcaster Software","open source","screen capture","Tool","Video Recording"],"articleSection":["Ara\u00e7"],"inLanguage":"tr","potentialAction":[{"@type":"CommentAction","name":"Comment","target":["https:\/\/www.yazilimperver.com\/index.php\/2019\/04\/27\/obs-studio\/#respond"]}]},{"@type":"WebPage","@id":"https:\/\/www.yazilimperver.com\/index.php\/2019\/04\/27\/obs-studio\/","url":"https:\/\/www.yazilimperver.com\/index.php\/2019\/04\/27\/obs-studio\/","name":"[:tr]OBS Studio[:] - Yaz\u0131l\u0131mperver&#039;in D\u00fcnyas\u0131","isPartOf":{"@id":"https:\/\/www.yazilimperver.com\/#website"},"datePublished":"2019-04-27T12:50:11+00:00","dateModified":"2019-04-27T12:50:38+00:00","breadcrumb":{"@id":"https:\/\/www.yazilimperver.com\/index.php\/2019\/04\/27\/obs-studio\/#breadcrumb"},"inLanguage":"tr","potentialAction":[{"@type":"ReadAction","target":["https:\/\/www.yazilimperver.com\/index.php\/2019\/04\/27\/obs-studio\/"]}]},{"@type":"BreadcrumbList","@id":"https:\/\/www.yazilimperver.com\/index.php\/2019\/04\/27\/obs-studio\/#breadcrumb","itemListElement":[{"@type":"ListItem","position":1,"name":"Ana sayfa","item":"https:\/\/www.yazilimperver.com\/"},{"@type":"ListItem","position":2,"name":"OBS Studio"}]},{"@type":"WebSite","@id":"https:\/\/www.yazilimperver.com\/#website","url":"https:\/\/www.yazilimperver.com\/","name":"Yaz\u0131l\u0131mperver&#039;in D\u00fcnyas\u0131","description":"Payla\u015fmak g\u00fczeldir.","publisher":{"@id":"https:\/\/www.yazilimperver.com\/#\/schema\/person\/6497f6de4df6ba469748b861a2b3fcdb"},"potentialAction":[{"@type":"SearchAction","target":{"@type":"EntryPoint","urlTemplate":"https:\/\/www.yazilimperver.com\/?s={search_term_string}"},"query-input":"required name=search_term_string"}],"inLanguage":"tr"},{"@type":["Person","Organization"],"@id":"https:\/\/www.yazilimperver.com\/#\/schema\/person\/6497f6de4df6ba469748b861a2b3fcdb","name":"yaz\u0131l\u0131mperver","image":{"@type":"ImageObject","inLanguage":"tr","@id":"https:\/\/www.yazilimperver.com\/#\/schema\/person\/image\/","url":"https:\/\/www.yazilimperver.com\/wp-content\/uploads\/2018\/04\/OnlyIcon-1-114x114.png","contentUrl":"https:\/\/www.yazilimperver.com\/wp-content\/uploads\/2018\/04\/OnlyIcon-1-114x114.png","caption":"yaz\u0131l\u0131mperver"},"logo":{"@id":"https:\/\/www.yazilimperver.com\/#\/schema\/person\/image\/"}}]}},"_links":{"self":[{"href":"https:\/\/www.yazilimperver.com\/index.php\/wp-json\/wp\/v2\/posts\/1120","targetHints":{"allow":["GET"]}}],"collection":[{"href":"https:\/\/www.yazilimperver.com\/index.php\/wp-json\/wp\/v2\/posts"}],"about":[{"href":"https:\/\/www.yazilimperver.com\/index.php\/wp-json\/wp\/v2\/types\/post"}],"author":[{"embeddable":true,"href":"https:\/\/www.yazilimperver.com\/index.php\/wp-json\/wp\/v2\/users\/2"}],"replies":[{"embeddable":true,"href":"https:\/\/www.yazilimperver.com\/index.php\/wp-json\/wp\/v2\/comments?post=1120"}],"version-history":[{"count":6,"href":"https:\/\/www.yazilimperver.com\/index.php\/wp-json\/wp\/v2\/posts\/1120\/revisions"}],"predecessor-version":[{"id":1136,"href":"https:\/\/www.yazilimperver.com\/index.php\/wp-json\/wp\/v2\/posts\/1120\/revisions\/1136"}],"wp:featuredmedia":[{"embeddable":true,"href":"https:\/\/www.yazilimperver.com\/index.php\/wp-json\/wp\/v2\/media\/1137"}],"wp:attachment":[{"href":"https:\/\/www.yazilimperver.com\/index.php\/wp-json\/wp\/v2\/media?parent=1120"}],"wp:term":[{"taxonomy":"category","embeddable":true,"href":"https:\/\/www.yazilimperver.com\/index.php\/wp-json\/wp\/v2\/categories?post=1120"},{"taxonomy":"post_tag","embeddable":true,"href":"https:\/\/www.yazilimperver.com\/index.php\/wp-json\/wp\/v2\/tags?post=1120"}],"curies":[{"name":"wp","href":"https:\/\/api.w.org\/{rel}","templated":true}]}}