{"id":2742,"date":"2023-02-11T20:49:56","date_gmt":"2023-02-11T20:49:56","guid":{"rendered":"https:\/\/www.yazilimperver.com\/?p=2742"},"modified":"2023-02-11T20:49:56","modified_gmt":"2023-02-11T20:49:56","slug":"deprem","status":"publish","type":"post","link":"https:\/\/www.yazilimperver.com\/index.php\/2023\/02\/11\/deprem\/","title":{"rendered":"Deprem :("},"content":{"rendered":"<p>Evet sevgili takip\u00e7ilerim, bu yaz\u0131y\u0131 yazd\u0131\u011f\u0131m i\u00e7in \u00e7ok \u00fczg\u00fcn\u00fcm, ke\u015fke b\u00f6yle bir yaz\u0131 yazmama sebep olacak bir durum hi\u00e7 ya\u015fanmasayd\u0131. \u00dclke olarak \u00e7ok zor g\u00fcnlerden ge\u00e7iyoruz.<\/p>\n<p>\u00dclkemizin g\u00fcneyinde yakla\u015f\u0131k on ili etkileyen bir deprem oldu ve bir \u00e7ok karde\u015fimiz, aram\u0131zdan ayr\u0131ld\u0131, bir \u00e7o\u011fu da halen enkaz alt\u0131nda. \u00d6ncellikle, aram\u0131zdan ayr\u0131lanlara Allah&#8217;tan rahmet diliyorum, geride kalanlara da sonsuz sab\u0131r. \u0130n\u015fallah, enkaz alt\u0131nda olan insanlar\u0131m\u0131z\u0131n da bir \u00e7o\u011fu kurtulur. Onlar\u0131n neler ya\u015fad\u0131\u011f\u0131n\u0131 nas\u0131l bir cendereden ge\u00e7tiklerini tahayy\u00fcl etmek \u00e7ok zor, Allah yar ve yard\u0131mc\u0131lar\u0131 olsun.<\/p>\n<p>Elbette, s\u00f6ylenecek \u00e7ok s\u00f6z var, ihmaller, o evleri yapanlar, buna g\u00f6z yumanlar, vs, vs. Hepsinden \u00f6te vicdan.<\/p>\n<p>\u015eu da var ki, biz m\u00fchendisler i\u00e7in bu tarz afetlerden ve benzeri kazalardan \u00e7\u0131kar\u0131lacak \u00e7ok \u00f6nemli bir ders var ki o da i\u015fimizin hakk\u0131n\u0131 vermek. Hani meslek eti\u011fi denilir ya, in\u015faat m\u00fchendisleri i\u00e7in bu yap\u0131lan belki \u00e7ok g\u00f6z \u00f6n\u00fcnde oluyor ama bizler i\u00e7in de durum farkl\u0131 de\u011fil. Yaz\u0131lan her bir kod par\u00e7as\u0131n\u0131n, her bir sat\u0131r\u0131n, geli\u015ftirilen her bir yaz\u0131l\u0131m\u0131n sorumlulu\u011funu almak, g\u00fcvenilir k\u0131lmak ve nihayetinde i\u015fin hakk\u0131n\u0131 vermek. Ne g\u00fczel s\u00f6ylemi\u015f o b\u00fcy\u00fck insan:<\/p>\n<blockquote><p>Vatan\u0131n\u0131 en \u00e7ok seven, g\u00f6revini en iyi yapand\u0131r.<\/p><\/blockquote>\n<p>Son olarak a\u015fa\u011f\u0131daki foto\u011fraf\u0131 payla\u015fmak istiyorum, beni ve eminim bir \u00e7ok insan\u0131 \u00e7ok derinden etkiledi. Bunu g\u00f6rd\u00fck\u00e7e her bir an\u0131m\u0131z\u0131n k\u0131ymetini, sevdiklerimizin k\u0131ymetini bir kere daha hat\u0131rlayal\u0131m ve ceviz kabu\u011funu doldurmayacak \u015feyler i\u00e7in birbirimizi k\u0131rmayal\u0131m, \u00fczmeyelim. Bizlerin hala alacak bir nefesi ve \u015fans\u0131 var. Allah \u00fclkemize ve insanl\u0131\u011fa bir daha b\u00f6yle afetler ya\u015fatmas\u0131n in\u015fallah.<\/p>\n<p><img decoding=\"async\" src=\"https:\/\/medyabar.com\/sites\/302\/uploads\/2023\/02\/08\/0x0-kahramanmaras-depreminin-en-aci-karesi-afpden-geldi-bir-baba-enkaz-altindaki-kizinin-elini-bir-an-olsun-birakm-1675780675793.jpg?\" alt=\"Ac\u0131n\u0131n foto\u011fraf\u0131! Baba enkaz alt\u0131nda kalan k\u0131z\u0131n\u0131n elini b\u0131rakmad\u0131 -  Medyabar\" \/><\/p>\n<p id=\"jcLLFnU\">\n","protected":false},"excerpt":{"rendered":"<p>Evet sevgili takip\u00e7ilerim, bu yaz\u0131y\u0131 yazd\u0131\u011f\u0131m i\u00e7in \u00e7ok \u00fczg\u00fcn\u00fcm, ke\u015fke b\u00f6yle bir yaz\u0131 yazmama sebep olacak bir durum hi\u00e7 ya\u015fanmasayd\u0131. \u00dclke olarak \u00e7ok zor g\u00fcnlerden ge\u00e7iyoruz. \u00dclkemizin g\u00fcneyinde yakla\u015f\u0131k on ili etkileyen bir deprem oldu ve bir \u00e7ok karde\u015fimiz, aram\u0131zdan ayr\u0131ld\u0131, bir \u00e7o\u011fu da halen enkaz alt\u0131nda. \u00d6ncellikle, aram\u0131zdan ayr\u0131lanlara Allah&#8217;tan rahmet diliyorum, geride kalanlara&#8230; <a class=\"more-link\" href=\"https:\/\/www.yazilimperver.com\/index.php\/2023\/02\/11\/deprem\/\">Continue reading <span class=\"meta-nav\">&#8594;<\/span><\/a><\/p>\n","protected":false},"author":2,"featured_media":2747,"comment_status":"open","ping_status":"open","sticky":false,"template":"","format":"standard","meta":{"_monsterinsights_skip_tracking":false,"_monsterinsights_sitenote_active":false,"_monsterinsights_sitenote_note":"","_monsterinsights_sitenote_category":0,"footnotes":""},"categories":[33],"tags":[],"class_list":["post-2742","post","type-post","status-publish","format-standard","has-post-thumbnail","hentry","category-haber"],"yoast_head":"<!-- This site is optimized with the Yoast SEO plugin v21.0 - https:\/\/yoast.com\/wordpress\/plugins\/seo\/ -->\n<title>Deprem :( - Yaz\u0131l\u0131mperver&#039;in D\u00fcnyas\u0131<\/title>\n<meta name=\"robots\" content=\"index, follow, max-snippet:-1, max-image-preview:large, max-video-preview:-1\" \/>\n<link rel=\"canonical\" href=\"https:\/\/www.yazilimperver.com\/index.php\/2023\/02\/11\/deprem\/\" \/>\n<meta property=\"og:locale\" content=\"tr_TR\" \/>\n<meta property=\"og:type\" content=\"article\" \/>\n<meta property=\"og:title\" content=\"Deprem :( - Yaz\u0131l\u0131mperver&#039;in D\u00fcnyas\u0131\" \/>\n<meta property=\"og:description\" content=\"Evet sevgili takip\u00e7ilerim, bu yaz\u0131y\u0131 yazd\u0131\u011f\u0131m i\u00e7in \u00e7ok \u00fczg\u00fcn\u00fcm, ke\u015fke b\u00f6yle bir yaz\u0131 yazmama sebep olacak bir durum hi\u00e7 ya\u015fanmasayd\u0131. \u00dclke olarak \u00e7ok zor g\u00fcnlerden ge\u00e7iyoruz. \u00dclkemizin g\u00fcneyinde yakla\u015f\u0131k on ili etkileyen bir deprem oldu ve bir \u00e7ok karde\u015fimiz, aram\u0131zdan ayr\u0131ld\u0131, bir \u00e7o\u011fu da halen enkaz alt\u0131nda. \u00d6ncellikle, aram\u0131zdan ayr\u0131lanlara Allah&#8217;tan rahmet diliyorum, geride kalanlara... Continue reading &#8594;\" \/>\n<meta property=\"og:url\" content=\"https:\/\/www.yazilimperver.com\/index.php\/2023\/02\/11\/deprem\/\" \/>\n<meta property=\"og:site_name\" content=\"Yaz\u0131l\u0131mperver&#039;in D\u00fcnyas\u0131\" \/>\n<meta property=\"article:published_time\" content=\"2023-02-11T20:49:56+00:00\" \/>\n<meta property=\"og:image\" content=\"https:\/\/www.yazilimperver.com\/wp-content\/uploads\/2023\/02\/pngwing.com-1-1.png\" \/>\n\t<meta property=\"og:image:width\" content=\"160\" \/>\n\t<meta property=\"og:image:height\" content=\"160\" \/>\n\t<meta property=\"og:image:type\" content=\"image\/png\" \/>\n<meta name=\"author\" content=\"yaz\u0131l\u0131mperver\" \/>\n<meta name=\"twitter:card\" content=\"summary_large_image\" \/>\n<meta name=\"twitter:label1\" content=\"Yazan:\" \/>\n\t<meta name=\"twitter:data1\" content=\"yaz\u0131l\u0131mperver\" \/>\n\t<meta name=\"twitter:label2\" content=\"Tahmini okuma s\u00fcresi\" \/>\n\t<meta name=\"twitter:data2\" content=\"2 dakika\" \/>\n<script type=\"application\/ld+json\" class=\"yoast-schema-graph\">{\"@context\":\"https:\/\/schema.org\",\"@graph\":[{\"@type\":\"Article\",\"@id\":\"https:\/\/www.yazilimperver.com\/index.php\/2023\/02\/11\/deprem\/#article\",\"isPartOf\":{\"@id\":\"https:\/\/www.yazilimperver.com\/index.php\/2023\/02\/11\/deprem\/\"},\"author\":{\"name\":\"yaz\u0131l\u0131mperver\",\"@id\":\"https:\/\/www.yazilimperver.com\/#\/schema\/person\/6497f6de4df6ba469748b861a2b3fcdb\"},\"headline\":\"Deprem :(\",\"datePublished\":\"2023-02-11T20:49:56+00:00\",\"dateModified\":\"2023-02-11T20:49:56+00:00\",\"mainEntityOfPage\":{\"@id\":\"https:\/\/www.yazilimperver.com\/index.php\/2023\/02\/11\/deprem\/\"},\"wordCount\":334,\"commentCount\":0,\"publisher\":{\"@id\":\"https:\/\/www.yazilimperver.com\/#\/schema\/person\/6497f6de4df6ba469748b861a2b3fcdb\"},\"articleSection\":[\"Haber\"],\"inLanguage\":\"tr\",\"potentialAction\":[{\"@type\":\"CommentAction\",\"name\":\"Comment\",\"target\":[\"https:\/\/www.yazilimperver.com\/index.php\/2023\/02\/11\/deprem\/#respond\"]}]},{\"@type\":\"WebPage\",\"@id\":\"https:\/\/www.yazilimperver.com\/index.php\/2023\/02\/11\/deprem\/\",\"url\":\"https:\/\/www.yazilimperver.com\/index.php\/2023\/02\/11\/deprem\/\",\"name\":\"Deprem :( - Yaz\u0131l\u0131mperver&#039;in D\u00fcnyas\u0131\",\"isPartOf\":{\"@id\":\"https:\/\/www.yazilimperver.com\/#website\"},\"datePublished\":\"2023-02-11T20:49:56+00:00\",\"dateModified\":\"2023-02-11T20:49:56+00:00\",\"breadcrumb\":{\"@id\":\"https:\/\/www.yazilimperver.com\/index.php\/2023\/02\/11\/deprem\/#breadcrumb\"},\"inLanguage\":\"tr\",\"potentialAction\":[{\"@type\":\"ReadAction\",\"target\":[\"https:\/\/www.yazilimperver.com\/index.php\/2023\/02\/11\/deprem\/\"]}]},{\"@type\":\"BreadcrumbList\",\"@id\":\"https:\/\/www.yazilimperver.com\/index.php\/2023\/02\/11\/deprem\/#breadcrumb\",\"itemListElement\":[{\"@type\":\"ListItem\",\"position\":1,\"name\":\"Ana sayfa\",\"item\":\"https:\/\/www.yazilimperver.com\/\"},{\"@type\":\"ListItem\",\"position\":2,\"name\":\"Deprem :(\"}]},{\"@type\":\"WebSite\",\"@id\":\"https:\/\/www.yazilimperver.com\/#website\",\"url\":\"https:\/\/www.yazilimperver.com\/\",\"name\":\"Yaz\u0131l\u0131mperver&#039;in D\u00fcnyas\u0131\",\"description\":\"Payla\u015fmak g\u00fczeldir.\",\"publisher\":{\"@id\":\"https:\/\/www.yazilimperver.com\/#\/schema\/person\/6497f6de4df6ba469748b861a2b3fcdb\"},\"potentialAction\":[{\"@type\":\"SearchAction\",\"target\":{\"@type\":\"EntryPoint\",\"urlTemplate\":\"https:\/\/www.yazilimperver.com\/?s={search_term_string}\"},\"query-input\":\"required name=search_term_string\"}],\"inLanguage\":\"tr\"},{\"@type\":[\"Person\",\"Organization\"],\"@id\":\"https:\/\/www.yazilimperver.com\/#\/schema\/person\/6497f6de4df6ba469748b861a2b3fcdb\",\"name\":\"yaz\u0131l\u0131mperver\",\"image\":{\"@type\":\"ImageObject\",\"inLanguage\":\"tr\",\"@id\":\"https:\/\/www.yazilimperver.com\/#\/schema\/person\/image\/\",\"url\":\"https:\/\/www.yazilimperver.com\/wp-content\/uploads\/2018\/04\/OnlyIcon-1-114x114.png\",\"contentUrl\":\"https:\/\/www.yazilimperver.com\/wp-content\/uploads\/2018\/04\/OnlyIcon-1-114x114.png\",\"caption\":\"yaz\u0131l\u0131mperver\"},\"logo\":{\"@id\":\"https:\/\/www.yazilimperver.com\/#\/schema\/person\/image\/\"}}]}<\/script>\n<!-- \/ Yoast SEO plugin. -->","yoast_head_json":{"title":"Deprem :( - Yaz\u0131l\u0131mperver&#039;in D\u00fcnyas\u0131","robots":{"index":"index","follow":"follow","max-snippet":"max-snippet:-1","max-image-preview":"max-image-preview:large","max-video-preview":"max-video-preview:-1"},"canonical":"https:\/\/www.yazilimperver.com\/index.php\/2023\/02\/11\/deprem\/","og_locale":"tr_TR","og_type":"article","og_title":"Deprem :( - Yaz\u0131l\u0131mperver&#039;in D\u00fcnyas\u0131","og_description":"Evet sevgili takip\u00e7ilerim, bu yaz\u0131y\u0131 yazd\u0131\u011f\u0131m i\u00e7in \u00e7ok \u00fczg\u00fcn\u00fcm, ke\u015fke b\u00f6yle bir yaz\u0131 yazmama sebep olacak bir durum hi\u00e7 ya\u015fanmasayd\u0131. \u00dclke olarak \u00e7ok zor g\u00fcnlerden ge\u00e7iyoruz. \u00dclkemizin g\u00fcneyinde yakla\u015f\u0131k on ili etkileyen bir deprem oldu ve bir \u00e7ok karde\u015fimiz, aram\u0131zdan ayr\u0131ld\u0131, bir \u00e7o\u011fu da halen enkaz alt\u0131nda. \u00d6ncellikle, aram\u0131zdan ayr\u0131lanlara Allah&#8217;tan rahmet diliyorum, geride kalanlara... Continue reading &#8594;","og_url":"https:\/\/www.yazilimperver.com\/index.php\/2023\/02\/11\/deprem\/","og_site_name":"Yaz\u0131l\u0131mperver&#039;in D\u00fcnyas\u0131","article_published_time":"2023-02-11T20:49:56+00:00","og_image":[{"width":160,"height":160,"url":"https:\/\/www.yazilimperver.com\/wp-content\/uploads\/2023\/02\/pngwing.com-1-1.png","type":"image\/png"}],"author":"yaz\u0131l\u0131mperver","twitter_card":"summary_large_image","twitter_misc":{"Yazan:":"yaz\u0131l\u0131mperver","Tahmini okuma s\u00fcresi":"2 dakika"},"schema":{"@context":"https:\/\/schema.org","@graph":[{"@type":"Article","@id":"https:\/\/www.yazilimperver.com\/index.php\/2023\/02\/11\/deprem\/#article","isPartOf":{"@id":"https:\/\/www.yazilimperver.com\/index.php\/2023\/02\/11\/deprem\/"},"author":{"name":"yaz\u0131l\u0131mperver","@id":"https:\/\/www.yazilimperver.com\/#\/schema\/person\/6497f6de4df6ba469748b861a2b3fcdb"},"headline":"Deprem :(","datePublished":"2023-02-11T20:49:56+00:00","dateModified":"2023-02-11T20:49:56+00:00","mainEntityOfPage":{"@id":"https:\/\/www.yazilimperver.com\/index.php\/2023\/02\/11\/deprem\/"},"wordCount":334,"commentCount":0,"publisher":{"@id":"https:\/\/www.yazilimperver.com\/#\/schema\/person\/6497f6de4df6ba469748b861a2b3fcdb"},"articleSection":["Haber"],"inLanguage":"tr","potentialAction":[{"@type":"CommentAction","name":"Comment","target":["https:\/\/www.yazilimperver.com\/index.php\/2023\/02\/11\/deprem\/#respond"]}]},{"@type":"WebPage","@id":"https:\/\/www.yazilimperver.com\/index.php\/2023\/02\/11\/deprem\/","url":"https:\/\/www.yazilimperver.com\/index.php\/2023\/02\/11\/deprem\/","name":"Deprem :( - Yaz\u0131l\u0131mperver&#039;in D\u00fcnyas\u0131","isPartOf":{"@id":"https:\/\/www.yazilimperver.com\/#website"},"datePublished":"2023-02-11T20:49:56+00:00","dateModified":"2023-02-11T20:49:56+00:00","breadcrumb":{"@id":"https:\/\/www.yazilimperver.com\/index.php\/2023\/02\/11\/deprem\/#breadcrumb"},"inLanguage":"tr","potentialAction":[{"@type":"ReadAction","target":["https:\/\/www.yazilimperver.com\/index.php\/2023\/02\/11\/deprem\/"]}]},{"@type":"BreadcrumbList","@id":"https:\/\/www.yazilimperver.com\/index.php\/2023\/02\/11\/deprem\/#breadcrumb","itemListElement":[{"@type":"ListItem","position":1,"name":"Ana sayfa","item":"https:\/\/www.yazilimperver.com\/"},{"@type":"ListItem","position":2,"name":"Deprem :("}]},{"@type":"WebSite","@id":"https:\/\/www.yazilimperver.com\/#website","url":"https:\/\/www.yazilimperver.com\/","name":"Yaz\u0131l\u0131mperver&#039;in D\u00fcnyas\u0131","description":"Payla\u015fmak g\u00fczeldir.","publisher":{"@id":"https:\/\/www.yazilimperver.com\/#\/schema\/person\/6497f6de4df6ba469748b861a2b3fcdb"},"potentialAction":[{"@type":"SearchAction","target":{"@type":"EntryPoint","urlTemplate":"https:\/\/www.yazilimperver.com\/?s={search_term_string}"},"query-input":"required name=search_term_string"}],"inLanguage":"tr"},{"@type":["Person","Organization"],"@id":"https:\/\/www.yazilimperver.com\/#\/schema\/person\/6497f6de4df6ba469748b861a2b3fcdb","name":"yaz\u0131l\u0131mperver","image":{"@type":"ImageObject","inLanguage":"tr","@id":"https:\/\/www.yazilimperver.com\/#\/schema\/person\/image\/","url":"https:\/\/www.yazilimperver.com\/wp-content\/uploads\/2018\/04\/OnlyIcon-1-114x114.png","contentUrl":"https:\/\/www.yazilimperver.com\/wp-content\/uploads\/2018\/04\/OnlyIcon-1-114x114.png","caption":"yaz\u0131l\u0131mperver"},"logo":{"@id":"https:\/\/www.yazilimperver.com\/#\/schema\/person\/image\/"}}]}},"_links":{"self":[{"href":"https:\/\/www.yazilimperver.com\/index.php\/wp-json\/wp\/v2\/posts\/2742","targetHints":{"allow":["GET"]}}],"collection":[{"href":"https:\/\/www.yazilimperver.com\/index.php\/wp-json\/wp\/v2\/posts"}],"about":[{"href":"https:\/\/www.yazilimperver.com\/index.php\/wp-json\/wp\/v2\/types\/post"}],"author":[{"embeddable":true,"href":"https:\/\/www.yazilimperver.com\/index.php\/wp-json\/wp\/v2\/users\/2"}],"replies":[{"embeddable":true,"href":"https:\/\/www.yazilimperver.com\/index.php\/wp-json\/wp\/v2\/comments?post=2742"}],"version-history":[{"count":3,"href":"https:\/\/www.yazilimperver.com\/index.php\/wp-json\/wp\/v2\/posts\/2742\/revisions"}],"predecessor-version":[{"id":2748,"href":"https:\/\/www.yazilimperver.com\/index.php\/wp-json\/wp\/v2\/posts\/2742\/revisions\/2748"}],"wp:featuredmedia":[{"embeddable":true,"href":"https:\/\/www.yazilimperver.com\/index.php\/wp-json\/wp\/v2\/media\/2747"}],"wp:attachment":[{"href":"https:\/\/www.yazilimperver.com\/index.php\/wp-json\/wp\/v2\/media?parent=2742"}],"wp:term":[{"taxonomy":"category","embeddable":true,"href":"https:\/\/www.yazilimperver.com\/index.php\/wp-json\/wp\/v2\/categories?post=2742"},{"taxonomy":"post_tag","embeddable":true,"href":"https:\/\/www.yazilimperver.com\/index.php\/wp-json\/wp\/v2\/tags?post=2742"}],"curies":[{"name":"wp","href":"https:\/\/api.w.org\/{rel}","templated":true}]}}