{"id":410,"date":"2018-06-27T22:26:39","date_gmt":"2018-06-27T22:26:39","guid":{"rendered":"http:\/\/www.yazilimperver.com\/?p=410"},"modified":"2018-06-27T22:26:39","modified_gmt":"2018-06-27T22:26:39","slug":"c-as-a-live-at-head-language-konusmasi","status":"publish","type":"post","link":"https:\/\/www.yazilimperver.com\/index.php\/2018\/06\/27\/c-as-a-live-at-head-language-konusmasi\/","title":{"rendered":"&#8221;C++ as a &#8216;Live at Head&#8217; Language&#8221; Konu\u015fmas\u0131"},"content":{"rendered":"<p>C++ konferans videolar\u0131 izlerken denk geldi\u011fim videolardan birisine ve konu olan k\u00fct\u00fcphaneye k\u0131saca de\u011finece\u011fim. K\u0131saca diyorum, \u00e7\u00fcnk\u00fc kendim de daha detayl\u0131 hen\u00fcz inceleme \u015fans\u0131 bulamad\u0131m, inceledi\u011fimde, veyahut kulland\u0131\u011f\u0131mda (ki kullanaca\u011f\u0131m gibi duruyor) bu yaz\u0131 \u00fczerinden veya yeni yaz\u0131lar\u0131mda buna de\u011finece\u011fim.<\/p>\n<p>Evet konu\u015fman\u0131n (asl\u0131nda &#8220;keynote&#8221; imi\u015f kendisi) ba\u015fl\u0131\u011f\u0131:<\/p>\n<blockquote><p>CppCon 2017: Titus Winters \u201cC++ as a &#8220;Live at Head&#8221; Language\u201d<\/p><\/blockquote>\n<p>Konu\u015fma \u00f6zeti:<\/p>\n<ul>\n<li>Titus Winters Google&#8217;da temel C++ k\u00fct\u00fcphaneleri \u00fczerinde \u00e7al\u0131\u015fan yaz\u0131l\u0131mc\u0131 bir amcam\u0131z,<\/li>\n<li>Konu\u015fma ger\u00e7ekten ak\u0131c\u0131 ve bir \u00e7ok kere izlenebilecek bir video,<\/li>\n<li>Konu\u015fma yaz\u0131l\u0131m m\u00fchendisli\u011fi ve programla ile ba\u015flamakta daha sonra google da C++ kullan\u0131m\u0131na geliyor ve baz\u0131 problemlere de\u011finiyor (\u00f6zellikle ba\u011f\u0131ml\u0131l\u0131k problemine &#8220;dependency hell&#8221;),<\/li>\n<li>&#8220;Semantic versioning&#8221;&#8216;e de\u011finiyor (ba\u011f\u0131ml\u0131l\u0131k problemi ba\u011flam\u0131nda). Detayl\u0131 bilgi i\u00e7in <a href=\"https:\/\/semver.org\/\">\u015fu sayfaya bak\u0131n\u0131z l\u00fctfen<\/a>.<\/li>\n<li>Ve nihayetinde konu\u015fma bu ba\u011flamda geli\u015ftirilmi\u015f olan geli\u015ftirilmi\u015f olan Abseil k\u00fct\u00fcphanesini anlat\u0131yor:\n<ul>\n<li>Konu\u015fma ile birlikte a\u00e7\u0131k kaynak olarak yaz\u0131l\u0131mc\u0131lara sunulmu\u015f,<\/li>\n<li>Google&#8217;da 250 MLoc kod bu k\u00fct\u00fcphaneyi kullan\u0131yor,<\/li>\n<li>12K yaz\u0131l\u0131mc\u0131 bunu kullan\u0131yormu\u015f,<\/li>\n<li>Daha sonra k\u00fct\u00fcphane ile ilgili temel bilgiler, uyumluluklar ve sunulan kabiliyetler veriliyor,<\/li>\n<li>K\u00fct\u00fcphane sayfas\u0131na <a href=\"https:\/\/abseil.io\/\">buradan ula\u015fabilirsiniz<\/a>,<\/li>\n<li>Bu arada k\u00fct\u00fcphane sayfas\u0131nda ayr\u0131ca <a href=\"https:\/\/abseil.io\/tips\/\">&#8220;C++ Tips of the Week&#8221;<\/a> konulu yaz\u0131lar da var. Bunlara da g\u00f6z atman\u0131z\u0131 \u015fiddetle \u00f6neriyorum (numaraland\u0131rma s\u0131ral\u0131 de\u011fil \u00e7ok tak\u0131lmay\u0131n :),<\/li>\n<li>Ayr\u0131ca konu\u015fman\u0131n yans\u0131lar\u0131na da <a href=\"https:\/\/github.com\/CppCon\/CppCon2017\/raw\/master\/Keynotes\/C%2B%2B%20as%20a%20'Live%20at%20Head'%20Language\/C%2B%2B%20as%20a%20'Live%20at%20Head'%20Language%20-%20Titus%20Winters%20-%20CppCon%202017.pdf\">buradan ula\u015fabilirsiniz<\/a>.<\/li>\n<\/ul>\n<\/li>\n<\/ul>\n<p>\u0130n\u015fallah en k\u0131sa s\u00fcrede bu k\u00fct\u00fcphaneyi kullan\u0131p sizlere izlenimlerimi aktaraca\u011f\u0131m. O zamana kadar kendinize iyi bak\u0131n yaz\u0131l\u0131mperver++ dostlar\u0131m.<\/p>","protected":false},"excerpt":{"rendered":"<p>C++ konferans videolar\u0131 izlerken denk geldi\u011fim videolardan birisine ve konu olan k\u00fct\u00fcphaneye k\u0131saca de\u011finece\u011fim. K\u0131saca diyorum, \u00e7\u00fcnk\u00fc kendim de daha detayl\u0131 hen\u00fcz inceleme \u015fans\u0131 bulamad\u0131m, inceledi\u011fimde, veyahut kulland\u0131\u011f\u0131mda (ki kullanaca\u011f\u0131m gibi duruyor) bu yaz\u0131 \u00fczerinden veya yeni yaz\u0131lar\u0131mda buna de\u011finece\u011fim. Evet konu\u015fman\u0131n (asl\u0131nda &#8220;keynote&#8221; imi\u015f kendisi) ba\u015fl\u0131\u011f\u0131: CppCon 2017: Titus Winters \u201cC++ as a &#8220;Live&#8230; <a class=\"more-link\" href=\"https:\/\/www.yazilimperver.com\/index.php\/2018\/06\/27\/c-as-a-live-at-head-language-konusmasi\/\">Continue reading <span class=\"meta-nav\">&#8594;<\/span><\/a><\/p>\n","protected":false},"author":2,"featured_media":174,"comment_status":"open","ping_status":"open","sticky":false,"template":"","format":"standard","meta":{"_monsterinsights_skip_tracking":false,"_monsterinsights_sitenote_active":false,"_monsterinsights_sitenote_note":"","_monsterinsights_sitenote_category":0,"footnotes":""},"categories":[10,131],"tags":[132,13,135,133,136,134],"class_list":["post-410","post","type-post","status-publish","format-standard","has-post-thumbnail","hentry","category-c","category-video","tag-abseil","tag-c","tag-c-talk","tag-google","tag-keynote","tag-titus-winter"],"yoast_head":"<!-- This site is optimized with the Yoast SEO plugin v21.0 - https:\/\/yoast.com\/wordpress\/plugins\/seo\/ -->\n<title>&quot;C++ as a &#039;Live at Head&#039; Language&quot; Konu\u015fmas\u0131 - Yaz\u0131l\u0131mperver&#039;in D\u00fcnyas\u0131<\/title>\n<meta name=\"robots\" content=\"index, follow, max-snippet:-1, max-image-preview:large, max-video-preview:-1\" \/>\n<link rel=\"canonical\" href=\"https:\/\/www.yazilimperver.com\/index.php\/2018\/06\/27\/c-as-a-live-at-head-language-konusmasi\/\" \/>\n<meta property=\"og:locale\" content=\"tr_TR\" \/>\n<meta property=\"og:type\" content=\"article\" \/>\n<meta property=\"og:title\" content=\"[:tr]&quot;C++ as a &#039;Live at Head&#039; Language&quot; Konu\u015fmas\u0131[:] - Yaz\u0131l\u0131mperver&#039;in D\u00fcnyas\u0131\" \/>\n<meta property=\"og:description\" content=\"C++ konferans videolar\u0131 izlerken denk geldi\u011fim videolardan birisine ve konu olan k\u00fct\u00fcphaneye k\u0131saca de\u011finece\u011fim. K\u0131saca diyorum, \u00e7\u00fcnk\u00fc kendim de daha detayl\u0131 hen\u00fcz inceleme \u015fans\u0131 bulamad\u0131m, inceledi\u011fimde, veyahut kulland\u0131\u011f\u0131mda (ki kullanaca\u011f\u0131m gibi duruyor) bu yaz\u0131 \u00fczerinden veya yeni yaz\u0131lar\u0131mda buna de\u011finece\u011fim. Evet konu\u015fman\u0131n (asl\u0131nda &#8220;keynote&#8221; imi\u015f kendisi) ba\u015fl\u0131\u011f\u0131: CppCon 2017: Titus Winters \u201cC++ as a &#8220;Live... Continue reading &#8594;\" \/>\n<meta property=\"og:url\" content=\"https:\/\/www.yazilimperver.com\/index.php\/2018\/06\/27\/c-as-a-live-at-head-language-konusmasi\/\" \/>\n<meta property=\"og:site_name\" content=\"Yaz\u0131l\u0131mperver&#039;in D\u00fcnyas\u0131\" \/>\n<meta property=\"article:published_time\" content=\"2018-06-27T22:26:39+00:00\" \/>\n<meta property=\"og:image\" content=\"https:\/\/www.yazilimperver.com\/wp-content\/uploads\/2017\/12\/FeaturedImage-e1580417052514.png\" \/>\n\t<meta property=\"og:image:width\" content=\"32\" \/>\n\t<meta property=\"og:image:height\" content=\"32\" \/>\n\t<meta property=\"og:image:type\" content=\"image\/png\" \/>\n<meta name=\"author\" content=\"yaz\u0131l\u0131mperver\" \/>\n<meta name=\"twitter:card\" content=\"summary_large_image\" \/>\n<meta name=\"twitter:label1\" content=\"Yazan:\" \/>\n\t<meta name=\"twitter:data1\" content=\"yaz\u0131l\u0131mperver\" \/>\n\t<meta name=\"twitter:label2\" content=\"Tahmini okuma s\u00fcresi\" \/>\n\t<meta name=\"twitter:data2\" content=\"2 dakika\" \/>\n<script type=\"application\/ld+json\" class=\"yoast-schema-graph\">{\"@context\":\"https:\/\/schema.org\",\"@graph\":[{\"@type\":\"Article\",\"@id\":\"https:\/\/www.yazilimperver.com\/index.php\/2018\/06\/27\/c-as-a-live-at-head-language-konusmasi\/#article\",\"isPartOf\":{\"@id\":\"https:\/\/www.yazilimperver.com\/index.php\/2018\/06\/27\/c-as-a-live-at-head-language-konusmasi\/\"},\"author\":{\"name\":\"yaz\u0131l\u0131mperver\",\"@id\":\"https:\/\/www.yazilimperver.com\/#\/schema\/person\/6497f6de4df6ba469748b861a2b3fcdb\"},\"headline\":\"&#8221;C++ as a &#8216;Live at Head&#8217; Language&#8221; Konu\u015fmas\u0131\",\"datePublished\":\"2018-06-27T22:26:39+00:00\",\"dateModified\":\"2018-06-27T22:26:39+00:00\",\"mainEntityOfPage\":{\"@id\":\"https:\/\/www.yazilimperver.com\/index.php\/2018\/06\/27\/c-as-a-live-at-head-language-konusmasi\/\"},\"wordCount\":328,\"commentCount\":0,\"publisher\":{\"@id\":\"https:\/\/www.yazilimperver.com\/#\/schema\/person\/6497f6de4df6ba469748b861a2b3fcdb\"},\"keywords\":[\"Abseil\",\"c++\",\"C++ Talk\",\"Google\",\"Keynote\",\"Titus Winter\"],\"articleSection\":[\"C++\",\"Video\"],\"inLanguage\":\"tr\",\"potentialAction\":[{\"@type\":\"CommentAction\",\"name\":\"Comment\",\"target\":[\"https:\/\/www.yazilimperver.com\/index.php\/2018\/06\/27\/c-as-a-live-at-head-language-konusmasi\/#respond\"]}]},{\"@type\":\"WebPage\",\"@id\":\"https:\/\/www.yazilimperver.com\/index.php\/2018\/06\/27\/c-as-a-live-at-head-language-konusmasi\/\",\"url\":\"https:\/\/www.yazilimperver.com\/index.php\/2018\/06\/27\/c-as-a-live-at-head-language-konusmasi\/\",\"name\":\"[:tr]\\\"C++ as a 'Live at Head' Language\\\" Konu\u015fmas\u0131[:] - Yaz\u0131l\u0131mperver&#039;in D\u00fcnyas\u0131\",\"isPartOf\":{\"@id\":\"https:\/\/www.yazilimperver.com\/#website\"},\"datePublished\":\"2018-06-27T22:26:39+00:00\",\"dateModified\":\"2018-06-27T22:26:39+00:00\",\"breadcrumb\":{\"@id\":\"https:\/\/www.yazilimperver.com\/index.php\/2018\/06\/27\/c-as-a-live-at-head-language-konusmasi\/#breadcrumb\"},\"inLanguage\":\"tr\",\"potentialAction\":[{\"@type\":\"ReadAction\",\"target\":[\"https:\/\/www.yazilimperver.com\/index.php\/2018\/06\/27\/c-as-a-live-at-head-language-konusmasi\/\"]}]},{\"@type\":\"BreadcrumbList\",\"@id\":\"https:\/\/www.yazilimperver.com\/index.php\/2018\/06\/27\/c-as-a-live-at-head-language-konusmasi\/#breadcrumb\",\"itemListElement\":[{\"@type\":\"ListItem\",\"position\":1,\"name\":\"Ana sayfa\",\"item\":\"https:\/\/www.yazilimperver.com\/\"},{\"@type\":\"ListItem\",\"position\":2,\"name\":\"&#8220;C++ as a &#8216;Live at Head&#8217; Language&#8221; Konu\u015fmas\u0131\"}]},{\"@type\":\"WebSite\",\"@id\":\"https:\/\/www.yazilimperver.com\/#website\",\"url\":\"https:\/\/www.yazilimperver.com\/\",\"name\":\"Yaz\u0131l\u0131mperver&#039;in D\u00fcnyas\u0131\",\"description\":\"Payla\u015fmak g\u00fczeldir.\",\"publisher\":{\"@id\":\"https:\/\/www.yazilimperver.com\/#\/schema\/person\/6497f6de4df6ba469748b861a2b3fcdb\"},\"potentialAction\":[{\"@type\":\"SearchAction\",\"target\":{\"@type\":\"EntryPoint\",\"urlTemplate\":\"https:\/\/www.yazilimperver.com\/?s={search_term_string}\"},\"query-input\":\"required name=search_term_string\"}],\"inLanguage\":\"tr\"},{\"@type\":[\"Person\",\"Organization\"],\"@id\":\"https:\/\/www.yazilimperver.com\/#\/schema\/person\/6497f6de4df6ba469748b861a2b3fcdb\",\"name\":\"yaz\u0131l\u0131mperver\",\"image\":{\"@type\":\"ImageObject\",\"inLanguage\":\"tr\",\"@id\":\"https:\/\/www.yazilimperver.com\/#\/schema\/person\/image\/\",\"url\":\"https:\/\/www.yazilimperver.com\/wp-content\/uploads\/2018\/04\/OnlyIcon-1-114x114.png\",\"contentUrl\":\"https:\/\/www.yazilimperver.com\/wp-content\/uploads\/2018\/04\/OnlyIcon-1-114x114.png\",\"caption\":\"yaz\u0131l\u0131mperver\"},\"logo\":{\"@id\":\"https:\/\/www.yazilimperver.com\/#\/schema\/person\/image\/\"}}]}<\/script>\n<!-- \/ Yoast SEO plugin. -->","yoast_head_json":{"title":"[:tr]\"C++ as a 'Live at Head' Language\" Konu\u015fmas\u0131[:] - Yaz\u0131l\u0131mperver&#039;in D\u00fcnyas\u0131","robots":{"index":"index","follow":"follow","max-snippet":"max-snippet:-1","max-image-preview":"max-image-preview:large","max-video-preview":"max-video-preview:-1"},"canonical":"https:\/\/www.yazilimperver.com\/index.php\/2018\/06\/27\/c-as-a-live-at-head-language-konusmasi\/","og_locale":"tr_TR","og_type":"article","og_title":"[:tr]\"C++ as a 'Live at Head' Language\" Konu\u015fmas\u0131[:] - Yaz\u0131l\u0131mperver&#039;in D\u00fcnyas\u0131","og_description":"C++ konferans videolar\u0131 izlerken denk geldi\u011fim videolardan birisine ve konu olan k\u00fct\u00fcphaneye k\u0131saca de\u011finece\u011fim. K\u0131saca diyorum, \u00e7\u00fcnk\u00fc kendim de daha detayl\u0131 hen\u00fcz inceleme \u015fans\u0131 bulamad\u0131m, inceledi\u011fimde, veyahut kulland\u0131\u011f\u0131mda (ki kullanaca\u011f\u0131m gibi duruyor) bu yaz\u0131 \u00fczerinden veya yeni yaz\u0131lar\u0131mda buna de\u011finece\u011fim. Evet konu\u015fman\u0131n (asl\u0131nda &#8220;keynote&#8221; imi\u015f kendisi) ba\u015fl\u0131\u011f\u0131: CppCon 2017: Titus Winters \u201cC++ as a &#8220;Live... Continue reading &#8594;","og_url":"https:\/\/www.yazilimperver.com\/index.php\/2018\/06\/27\/c-as-a-live-at-head-language-konusmasi\/","og_site_name":"Yaz\u0131l\u0131mperver&#039;in D\u00fcnyas\u0131","article_published_time":"2018-06-27T22:26:39+00:00","og_image":[{"width":32,"height":32,"url":"https:\/\/www.yazilimperver.com\/wp-content\/uploads\/2017\/12\/FeaturedImage-e1580417052514.png","type":"image\/png"}],"author":"yaz\u0131l\u0131mperver","twitter_card":"summary_large_image","twitter_misc":{"Yazan:":"yaz\u0131l\u0131mperver","Tahmini okuma s\u00fcresi":"2 dakika"},"schema":{"@context":"https:\/\/schema.org","@graph":[{"@type":"Article","@id":"https:\/\/www.yazilimperver.com\/index.php\/2018\/06\/27\/c-as-a-live-at-head-language-konusmasi\/#article","isPartOf":{"@id":"https:\/\/www.yazilimperver.com\/index.php\/2018\/06\/27\/c-as-a-live-at-head-language-konusmasi\/"},"author":{"name":"yaz\u0131l\u0131mperver","@id":"https:\/\/www.yazilimperver.com\/#\/schema\/person\/6497f6de4df6ba469748b861a2b3fcdb"},"headline":"&#8221;C++ as a &#8216;Live at Head&#8217; Language&#8221; Konu\u015fmas\u0131","datePublished":"2018-06-27T22:26:39+00:00","dateModified":"2018-06-27T22:26:39+00:00","mainEntityOfPage":{"@id":"https:\/\/www.yazilimperver.com\/index.php\/2018\/06\/27\/c-as-a-live-at-head-language-konusmasi\/"},"wordCount":328,"commentCount":0,"publisher":{"@id":"https:\/\/www.yazilimperver.com\/#\/schema\/person\/6497f6de4df6ba469748b861a2b3fcdb"},"keywords":["Abseil","c++","C++ Talk","Google","Keynote","Titus Winter"],"articleSection":["C++","Video"],"inLanguage":"tr","potentialAction":[{"@type":"CommentAction","name":"Comment","target":["https:\/\/www.yazilimperver.com\/index.php\/2018\/06\/27\/c-as-a-live-at-head-language-konusmasi\/#respond"]}]},{"@type":"WebPage","@id":"https:\/\/www.yazilimperver.com\/index.php\/2018\/06\/27\/c-as-a-live-at-head-language-konusmasi\/","url":"https:\/\/www.yazilimperver.com\/index.php\/2018\/06\/27\/c-as-a-live-at-head-language-konusmasi\/","name":"[:tr]\"C++ as a 'Live at Head' Language\" Konu\u015fmas\u0131[:] - Yaz\u0131l\u0131mperver&#039;in D\u00fcnyas\u0131","isPartOf":{"@id":"https:\/\/www.yazilimperver.com\/#website"},"datePublished":"2018-06-27T22:26:39+00:00","dateModified":"2018-06-27T22:26:39+00:00","breadcrumb":{"@id":"https:\/\/www.yazilimperver.com\/index.php\/2018\/06\/27\/c-as-a-live-at-head-language-konusmasi\/#breadcrumb"},"inLanguage":"tr","potentialAction":[{"@type":"ReadAction","target":["https:\/\/www.yazilimperver.com\/index.php\/2018\/06\/27\/c-as-a-live-at-head-language-konusmasi\/"]}]},{"@type":"BreadcrumbList","@id":"https:\/\/www.yazilimperver.com\/index.php\/2018\/06\/27\/c-as-a-live-at-head-language-konusmasi\/#breadcrumb","itemListElement":[{"@type":"ListItem","position":1,"name":"Ana sayfa","item":"https:\/\/www.yazilimperver.com\/"},{"@type":"ListItem","position":2,"name":"&#8220;C++ as a &#8216;Live at Head&#8217; Language&#8221; Konu\u015fmas\u0131"}]},{"@type":"WebSite","@id":"https:\/\/www.yazilimperver.com\/#website","url":"https:\/\/www.yazilimperver.com\/","name":"Yaz\u0131l\u0131mperver&#039;in D\u00fcnyas\u0131","description":"Payla\u015fmak g\u00fczeldir.","publisher":{"@id":"https:\/\/www.yazilimperver.com\/#\/schema\/person\/6497f6de4df6ba469748b861a2b3fcdb"},"potentialAction":[{"@type":"SearchAction","target":{"@type":"EntryPoint","urlTemplate":"https:\/\/www.yazilimperver.com\/?s={search_term_string}"},"query-input":"required name=search_term_string"}],"inLanguage":"tr"},{"@type":["Person","Organization"],"@id":"https:\/\/www.yazilimperver.com\/#\/schema\/person\/6497f6de4df6ba469748b861a2b3fcdb","name":"yaz\u0131l\u0131mperver","image":{"@type":"ImageObject","inLanguage":"tr","@id":"https:\/\/www.yazilimperver.com\/#\/schema\/person\/image\/","url":"https:\/\/www.yazilimperver.com\/wp-content\/uploads\/2018\/04\/OnlyIcon-1-114x114.png","contentUrl":"https:\/\/www.yazilimperver.com\/wp-content\/uploads\/2018\/04\/OnlyIcon-1-114x114.png","caption":"yaz\u0131l\u0131mperver"},"logo":{"@id":"https:\/\/www.yazilimperver.com\/#\/schema\/person\/image\/"}}]}},"_links":{"self":[{"href":"https:\/\/www.yazilimperver.com\/index.php\/wp-json\/wp\/v2\/posts\/410","targetHints":{"allow":["GET"]}}],"collection":[{"href":"https:\/\/www.yazilimperver.com\/index.php\/wp-json\/wp\/v2\/posts"}],"about":[{"href":"https:\/\/www.yazilimperver.com\/index.php\/wp-json\/wp\/v2\/types\/post"}],"author":[{"embeddable":true,"href":"https:\/\/www.yazilimperver.com\/index.php\/wp-json\/wp\/v2\/users\/2"}],"replies":[{"embeddable":true,"href":"https:\/\/www.yazilimperver.com\/index.php\/wp-json\/wp\/v2\/comments?post=410"}],"version-history":[{"count":3,"href":"https:\/\/www.yazilimperver.com\/index.php\/wp-json\/wp\/v2\/posts\/410\/revisions"}],"predecessor-version":[{"id":413,"href":"https:\/\/www.yazilimperver.com\/index.php\/wp-json\/wp\/v2\/posts\/410\/revisions\/413"}],"wp:featuredmedia":[{"embeddable":true,"href":"https:\/\/www.yazilimperver.com\/index.php\/wp-json\/wp\/v2\/media\/174"}],"wp:attachment":[{"href":"https:\/\/www.yazilimperver.com\/index.php\/wp-json\/wp\/v2\/media?parent=410"}],"wp:term":[{"taxonomy":"category","embeddable":true,"href":"https:\/\/www.yazilimperver.com\/index.php\/wp-json\/wp\/v2\/categories?post=410"},{"taxonomy":"post_tag","embeddable":true,"href":"https:\/\/www.yazilimperver.com\/index.php\/wp-json\/wp\/v2\/tags?post=410"}],"curies":[{"name":"wp","href":"https:\/\/api.w.org\/{rel}","templated":true}]}}